{"id":335,"date":"2018-07-06T15:10:06","date_gmt":"2018-07-06T15:10:06","guid":{"rendered":"http:\/\/icc.diocesedeangra.pt\/?p=335"},"modified":"2018-09-09T17:44:58","modified_gmt":"2018-09-09T17:44:58","slug":"irmaos-romeiros-das-paroquias","status":"publish","type":"post","link":"http:\/\/icc.diocesedeangra.pt\/index.php\/2018\/07\/06\/irmaos-romeiros-das-paroquias\/","title":{"rendered":"Irm\u00e3os Romeiros"},"content":{"rendered":"<p>10 Pensamentos para os Irm\u00e3os Romeiros das par\u00f3quias<\/p>\n<p><!--more--><\/p>\n<p>1 &#8211; O ir e o participar na Romaria \u00e9 um chamamento de Cristo que \u00e9 Deus ao Romeiro que diz \u00absim\u00bb com f\u00e9 e na f\u00e9; dispondo-se, a preparar-se, o melhor poss\u00edvel, para viver a romaria quaresmal, e, dela tirar todas as li\u00e7\u00f5es para a sua vida.<\/p>\n<p>&nbsp;<\/p>\n<p>2 \u2013 A prepara\u00e7\u00e3o deve ser consciente e permanente, participando o romeiro nas reuni\u00f5es pr\u00f3prias, refletindo em temas crist\u00e3os, rezando individual e comunitariamente e preparando-se, o melhor poss\u00edvel, tamb\u00e9m pelo sacramento da penit\u00eancia que deve celebrar com a confiss\u00e3o dos seus pecados, antes de iniciar a romaria.<\/p>\n<p>&nbsp;<\/p>\n<p>3 \u2013 Com recta inten\u00e7\u00e3o, unido a Cristo e aos seus irm\u00e3os, deve participar em toda a romaria desde a sa\u00edda at\u00e9 \u00e1 chegada, fazendo dos oito dias, dias de ora\u00e7\u00e3o, de reflex\u00e3o, de penit\u00eancia, de experi\u00eancia, de fraternidade no grupo ou rancho, fazendo grandes prop\u00f3sitos de emenda para o futuro da sua vida.<\/p>\n<p>&nbsp;<\/p>\n<p>4 \u2013 O romeiro deve fazer a Romaria com uma santa alegria, procurando e fazendo a maior uni\u00e3o e unidade em todo o Rancho sobretudo com o Irm\u00e3o \u2013 Mestre, a quem deve prestar obedi\u00eancia na f\u00e9.<\/p>\n<p>&nbsp;<\/p>\n<p>5 \u2013 Sempre e por toda a parte nas Igrejas, sal\u00f5es, casas, ruas e atalhos o romeiro deve caminhar alegre, mas recolhido. Com quem falar e contatar deve transmitir um testemunho de f\u00e9, da experi\u00eancia crist\u00e3 que est\u00e1 a realizar e da vida crist\u00e3 em geral.<\/p>\n<p>&nbsp;<\/p>\n<p>6 \u2013 O Romeiro \u00e9 Romeiro da comunidade crist\u00e3, e, portanto, dela faz parte como membro vivo da Igreja e a ela regressa ap\u00f3s oito dias para ser um crist\u00e3o cada vez mais activo na sua comunidade paroquial e no mundo durante todo o ano.<\/p>\n<p>&nbsp;<\/p>\n<p>7 \u2013 O Romeiro ap\u00f3s a sua Romaria deve participar todos os domingos na Eucaristia \u2013 missa dominical, e em especial na missa com os Romeiros, em cada m\u00eas; em encontros e reuni\u00f5es de forma\u00e7\u00e3o em ordem \u00e0 sua f\u00e9 ser professada = (esclarecida); f\u00e9 celebrada (praticar e celebrar a sua f\u00e9) e a uma f\u00e9 comprometida (com testemunho crist\u00e3o no mundo), em especial na caridade para com os mais necessitados, sobretudo nesta hora de crise.<\/p>\n<p>&nbsp;<\/p>\n<p>8 \u2013 O Romeiro ao longo do ano deve procurar aprofundar a sua f\u00e9 e inserir-se na comunidade crist\u00e3: participando em reuni\u00f5es de forma\u00e7\u00e3o, em \u00abcursos\u00bb, no curso de cristandade, inserindo-se em grupos como por exemplo Grupo Coral, de Ac\u00f3litos, de Leitores etc. etc.<\/p>\n<p>&nbsp;<\/p>\n<p>9 \u2013 O Romeiro sempre e em toda a parte deve dar testemunho por palavras e obras que \u00e9 crist\u00e3o cat\u00f3lico (pertence aos Romeiros) sobretudo deve dar exemplo na sua profiss\u00e3o ou emprego, na sua aposenta\u00e7\u00e3o, na fam\u00edlia, nos momentos de lazer ou de divertimento e no trabalho \u2013 compromisso pela valoriza\u00e7\u00e3o da par\u00f3quia e da sua freguesia.<\/p>\n<p>&nbsp;<\/p>\n<p>10 \u2013 Em cada Ano Pastoral devem ser seguidas as orienta\u00e7\u00f5es diocesanas de Pastoral da nossa Diocese concretizadas nas nossas par\u00f3quias , Ouvidoria e Movimento das Romarias Quaresmais<\/p>\n<p>&nbsp;<\/p>\n<p>Relva &#8211; Covoada, Janeiro 2014<\/p>\n<p>&nbsp;<\/p>\n<p>Padre Jos\u00e9 Const\u00e2ncia<\/p>\n","protected":false},"excerpt":{"rendered":"<p>10 Pensamentos para os Irm\u00e3os Romeiros das par\u00f3quias<\/p>\n","protected":false},"author":1,"featured_media":0,"comment_status":"closed","ping_status":"closed","sticky":false,"template":"","format":"standard","meta":{"site-sidebar-layout":"default","site-content-layout":"","ast-site-content-layout":"default","site-content-style":"default","site-sidebar-style":"default","ast-global-header-display":"","ast-banner-title-visibility":"","ast-main-header-display":"","ast-hfb-above-header-display":"","ast-hfb-below-header-display":"","ast-hfb-mobile-header-display":"","site-post-title":"","ast-breadcrumbs-content":"","ast-featured-img":"","footer-sml-layout":"","ast-disable-related-posts":"","theme-transparent-header-meta":"","adv-header-id-meta":"","stick-header-meta":"","header-above-stick-meta":"","header-main-stick-meta":"","header-below-stick-meta":"","astra-migrate-meta-layouts":"default","ast-page-background-enabled":"default","ast-page-background-meta":{"desktop":{"background-color":"var(--ast-global-color-5)","background-image":"","background-repeat":"repeat","background-position":"center center","background-size":"auto","background-attachment":"scroll","background-type":"","background-media":"","overlay-type":"","overlay-color":"","overlay-opacity":"","overlay-gradient":""},"tablet":{"background-color":"","background-image":"","background-repeat":"repeat","background-position":"center center","background-size":"auto","background-attachment":"scroll","background-type":"","background-media":"","overlay-type":"","overlay-color":"","overlay-opacity":"","overlay-gradient":""},"mobile":{"background-color":"","background-image":"","background-repeat":"repeat","background-position":"center center","background-size":"auto","background-attachment":"scroll","background-type":"","background-media":"","overlay-type":"","overlay-color":"","overlay-opacity":"","overlay-gradient":""}},"ast-content-background-meta":{"desktop":{"background-color":"var(--ast-global-color-4)","background-image":"","background-repeat":"repeat","background-position":"center center","background-size":"auto","background-attachment":"scroll","background-type":"","background-media":"","overlay-type":"","overlay-color":"","overlay-opacity":"","overlay-gradient":""},"tablet":{"background-color":"var(--ast-global-color-4)","background-image":"","background-repeat":"repeat","background-position":"center center","background-size":"auto","background-attachment":"scroll","background-type":"","background-media":"","overlay-type":"","overlay-color":"","overlay-opacity":"","overlay-gradient":""},"mobile":{"background-color":"var(--ast-global-color-4)","background-image":"","background-repeat":"repeat","background-position":"center center","background-size":"auto","background-attachment":"scroll","background-type":"","background-media":"","overlay-type":"","overlay-color":"","overlay-opacity":"","overlay-gradient":""}},"footnotes":""},"categories":[18],"tags":[],"class_list":["post-335","post","type-post","status-publish","format-standard","hentry","category-religiosidade-popular"],"_links":{"self":[{"href":"http:\/\/icc.diocesedeangra.pt\/index.php\/wp-json\/wp\/v2\/posts\/335","targetHints":{"allow":["GET"]}}],"collection":[{"href":"http:\/\/icc.diocesedeangra.pt\/index.php\/wp-json\/wp\/v2\/posts"}],"about":[{"href":"http:\/\/icc.diocesedeangra.pt\/index.php\/wp-json\/wp\/v2\/types\/post"}],"author":[{"embeddable":true,"href":"http:\/\/icc.diocesedeangra.pt\/index.php\/wp-json\/wp\/v2\/users\/1"}],"replies":[{"embeddable":true,"href":"http:\/\/icc.diocesedeangra.pt\/index.php\/wp-json\/wp\/v2\/comments?post=335"}],"version-history":[{"count":2,"href":"http:\/\/icc.diocesedeangra.pt\/index.php\/wp-json\/wp\/v2\/posts\/335\/revisions"}],"predecessor-version":[{"id":337,"href":"http:\/\/icc.diocesedeangra.pt\/index.php\/wp-json\/wp\/v2\/posts\/335\/revisions\/337"}],"wp:attachment":[{"href":"http:\/\/icc.diocesedeangra.pt\/index.php\/wp-json\/wp\/v2\/media?parent=335"}],"wp:term":[{"taxonomy":"category","embeddable":true,"href":"http:\/\/icc.diocesedeangra.pt\/index.php\/wp-json\/wp\/v2\/categories?post=335"},{"taxonomy":"post_tag","embeddable":true,"href":"http:\/\/icc.diocesedeangra.pt\/index.php\/wp-json\/wp\/v2\/tags?post=335"}],"curies":[{"name":"wp","href":"https:\/\/api.w.org\/{rel}","templated":true}]}}