{"id":266,"date":"2018-06-21T09:44:50","date_gmt":"2018-06-21T09:44:50","guid":{"rendered":"http:\/\/icc.diocesedeangra.pt\/?p=266"},"modified":"2018-09-09T17:45:21","modified_gmt":"2018-09-09T17:45:21","slug":"50-anos-depois-do-concilio-vaticano-ii","status":"publish","type":"post","link":"https:\/\/icc.diocesedeangra.pt\/index.php\/2018\/06\/21\/50-anos-depois-do-concilio-vaticano-ii\/","title":{"rendered":"50 anos depois do Conc\u00edlio Vaticano II"},"content":{"rendered":"<p>Na\u00a0 Ouvidoria de Ponta Delgada<\/p>\n<p><!--more--><\/p>\n<p>(Revis\u00e3o \u00e0 base dos 16 documentos conciliares)<\/p>\n<p>&nbsp;<\/p>\n<p>&nbsp;<\/p>\n<p>&nbsp;<\/p>\n<p>1 \u2013 Documentos sobre a Igreja:<\/p>\n<ul>\n<li>Constitui\u00e7\u00e3o Lumen Gentium : ( A Igreja)<\/li>\n<li>Constitui\u00e7\u00e3o Gaudium et Spes : ( A Igreja no mundo actual)<\/li>\n<li>Constitui\u00e7\u00e3o Ad Gentes : ( Actividade mission\u00e1ria da Igreja)<\/li>\n<\/ul>\n<p>&nbsp;<\/p>\n<p>Ideia Dominante<\/p>\n<p>&nbsp;<\/p>\n<table>\n<tbody>\n<tr>\n<td width=\"643\">\u00a0A Igreja \u00e9 uma comunh\u00e3o de comunidades , presente no mundo e enviada a todos os lugares e ambientes<\/td>\n<\/tr>\n<\/tbody>\n<\/table>\n<p>Para responder:<\/p>\n<p>Na tua Par\u00f3quia , Zona Pastoral e Ouvidoria a Igreja \u00e9, apresenta-se e trabalha assim ? Se sim, em qu\u00ea? Se n\u00e3o, porqu\u00ea?<\/p>\n<p>&nbsp;<\/p>\n<p>&nbsp;<\/p>\n<p>2 \u2013 Documentos sobre a Palavra , a Educa\u00e7\u00e3o e a Liturgia :<\/p>\n<ul>\n<li>Constitui\u00e7\u00e3o Dei Verbum : ( A Revela\u00e7\u00e3o divina)<\/li>\n<li>Declara\u00e7\u00e3o Gravissimum Educations : ( Educa\u00e7\u00e3o Crist\u00e3)<\/li>\n<li>Constitui\u00e7\u00e3o Sacrossanctum Concilium ( Sagrada Liturgia )<\/li>\n<\/ul>\n<p>&nbsp;<\/p>\n<p>Ideia Dominante<\/p>\n<p>&nbsp;<\/p>\n<table>\n<tbody>\n<tr>\n<td width=\"643\">A Igreja vive da Palavra\u00a0 que forma crist\u00e3mente os crist\u00e3os e os leva a celebrar activamente a Liturgia<\/td>\n<\/tr>\n<\/tbody>\n<\/table>\n<p>Para responder:<\/p>\n<p>Na tua Par\u00f3quia , Zona Pastoral e Ouvidoria vive-se da B\u00edblia , h\u00e1 forma\u00e7\u00e3o crist\u00e3 e boa participa\u00e7\u00e3o na Eucaristia, Sacramentos e ora\u00e7\u00e3o da Igreja? Se sim, em qu\u00ea? Se n\u00e3o , porqu\u00ea?<\/p>\n<p>&nbsp;<\/p>\n<p>3 \u2013 Documentos sobre o Ecumenismo , liberdade Religiosa, as Igrejas orientais e as religi\u00f5es n\u00e3o crist\u00e3s<\/p>\n<ul>\n<li>Decreto \u00abUnitatis Redintegratio\u00bb sobre o Ecumenismo<\/li>\n<li>Decreto \u00abOrientalium Eclesiarum\u00bb sobre as Igrejas orientais<\/li>\n<li>Declara\u00e7\u00e3o \u00abDignitatis Humanae\u00bb sobre a Liberdade Religiosa<\/li>\n<li>Declara\u00e7\u00e3o \u00abNostra aetate\u00bb a Igreja e as Religi\u00f5es n\u00e3o crist\u00e3s<\/li>\n<\/ul>\n<p>&nbsp;<\/p>\n<p>Ideia Dominante<\/p>\n<p>&nbsp;<\/p>\n<table>\n<tbody>\n<tr>\n<td width=\"643\">A Igreja est\u00e1 aberta a todas as outras Igrejas , Confiss\u00f5es Crist\u00e3s e Religi\u00f5es , mesmo as n\u00e3o crist\u00e3s , respeita e pratica a liberdade religiosa\u00a0 e com todos constroie um mundo novo no horizonte do Reino<\/td>\n<\/tr>\n<\/tbody>\n<\/table>\n<p>&nbsp;<\/p>\n<p>Para responder<\/p>\n<p>Na tua par\u00f3quia, Zona Pastoral\u00a0 e Ouvidoria vive-se e pratica-se esta abertura a todas as confiss\u00f5es crist\u00e3s e homens e boa vontade ? Se sim , em qu\u00ea? Se n\u00e3o , porqu\u00ea?<\/p>\n<p>&nbsp;<\/p>\n<p>4 \u2013 Documento sobre os Meios de Comunica\u00e7\u00e3o Social<\/p>\n<ul>\n<li>Decreto \u00abInter Mirifica\u00bb ( sobre os Meios de Comunica\u00e7\u00e3o Social )<\/li>\n<\/ul>\n<p>&nbsp;<\/p>\n<p>&nbsp;<\/p>\n<p>Ideia Dominante<\/p>\n<p>&nbsp;<\/p>\n<table>\n<tbody>\n<tr>\n<td width=\"643\">A Igreja est\u00e1 presente no mundo , comunica com o mesmo e comunica-se tamb\u00e9m pelos meios de Comunica\u00e7\u00e3o Social e redes socais<\/td>\n<\/tr>\n<\/tbody>\n<\/table>\n<p>&nbsp;<\/p>\n<p>Para responder:<\/p>\n<p>&nbsp;<\/p>\n<p>Na tua Par\u00f3quia, Zona Pastoral e Ouvidoria\u00a0 a Igreja est\u00e1 presente nos meios de comunica\u00e7\u00e3o social e utiliza-os bem como as redes socais para evangelizar hoje, aqui e agora? Se sim, em qu\u00ea? Se n\u00e3o , porqu\u00ea?<\/p>\n<p>&nbsp;<\/p>\n<p>5 \u2013 Documentos sobre os Bispos, Presb\u00edteros , Forma\u00e7\u00e3o Sacerdotal , Religiosos e Leigos<\/p>\n<p>&nbsp;<\/p>\n<ul>\n<li>Decreto \u00abCristus Dominus\u00bb sobre o mundo do Bispos<\/li>\n<li>Decreto \u00abPresbyterorum Ordinis\u00bb minist\u00e9rio e vida dos padres<\/li>\n<li>Decreto \u00ab Optatam Totius\u00bb sobre a forma\u00e7\u00e3o sacerdotal<\/li>\n<li>Decreto \u00abPerfectae Caritatis\u00bb Renova\u00e7\u00e3o da Vida Religiosa<\/li>\n<li>Decreto \u00ab Apostolicam Actuositatem\u00bb o Apostolado dos Leigos<\/li>\n<\/ul>\n<p>&nbsp;<\/p>\n<p>Ideia Dominante<\/p>\n<p>&nbsp;<\/p>\n<table>\n<tbody>\n<tr>\n<td width=\"643\">\u00a0Os Bispos s\u00e3o pastores juntamente com os padres que por sua vez se formam nos Semin\u00e1rios<\/td>\n<\/tr>\n<\/tbody>\n<\/table>\n<p>&nbsp;<\/p>\n<p>Para responder:<\/p>\n<p>Sobre os Bispos e Padres<\/p>\n<p>Acha que os Bispos s\u00e3o Pastores? E os Padres tamb\u00e9m s\u00e3o Pastores e irm\u00e3os?<\/p>\n<p>Que diz da forma\u00e7\u00e3o no Semin\u00e1rio?<\/p>\n<p>&nbsp;<\/p>\n<p>Ideia Dominante<\/p>\n<p>&nbsp;<\/p>\n<table>\n<tbody>\n<tr>\n<td width=\"643\">Religiosos: d\u00e3o testemunho j\u00e1 agora da vida futura e eterna e trabalham na caridade no ensino e na pastoral<\/td>\n<\/tr>\n<\/tbody>\n<\/table>\n<p>Para responder:<\/p>\n<p>Sobre os Religiosos\/as<\/p>\n<p>Que diz da vida religiosa na nossa Ouvidoria?<\/p>\n<p>&nbsp;<\/p>\n<p>&nbsp;<\/p>\n<p>Ideia Dominante<\/p>\n<p>&nbsp;<\/p>\n<table>\n<tbody>\n<tr>\n<td width=\"643\">Os leigos evangelizam o mundo ( fam\u00edlia, sociedade, profiss\u00f5es, cultura , momentos livres , pol\u00edtica e devem trabalhar nas par\u00f3quias e movimentos e obras de apostolado<\/td>\n<\/tr>\n<\/tbody>\n<\/table>\n<p>&nbsp;<\/p>\n<p>Para responder:<\/p>\n<p>Os Leigos<\/p>\n<p>Achamos os que no nosso meio e ambientes comunidades os leigos d\u00e3o testemunho da sua f\u00e9 . Se sim , em qu\u00ea? Se n\u00e3o , porqu\u00ea?<\/p>\n","protected":false},"excerpt":{"rendered":"<p>Na\u00a0 Ouvidoria de Ponta Delgada<\/p>\n","protected":false},"author":1,"featured_media":0,"comment_status":"closed","ping_status":"closed","sticky":false,"template":"","format":"standard","meta":{"site-sidebar-layout":"default","site-content-layout":"","ast-site-content-layout":"default","site-content-style":"default","site-sidebar-style":"default","ast-global-header-display":"","ast-banner-title-visibility":"","ast-main-header-display":"","ast-hfb-above-header-display":"","ast-hfb-below-header-display":"","ast-hfb-mobile-header-display":"","site-post-title":"","ast-breadcrumbs-content":"","ast-featured-img":"","footer-sml-layout":"","ast-disable-related-posts":"","theme-transparent-header-meta":"","adv-header-id-meta":"","stick-header-meta":"","header-above-stick-meta":"","header-main-stick-meta":"","header-below-stick-meta":"","astra-migrate-meta-layouts":"default","ast-page-background-enabled":"default","ast-page-background-meta":{"desktop":{"background-color":"var(--ast-global-color-5)","background-image":"","background-repeat":"repeat","background-position":"center center","background-size":"auto","background-attachment":"scroll","background-type":"","background-media":"","overlay-type":"","overlay-color":"","overlay-opacity":"","overlay-gradient":""},"tablet":{"background-color":"","background-image":"","background-repeat":"repeat","background-position":"center center","background-size":"auto","background-attachment":"scroll","background-type":"","background-media":"","overlay-type":"","overlay-color":"","overlay-opacity":"","overlay-gradient":""},"mobile":{"background-color":"","background-image":"","background-repeat":"repeat","background-position":"center center","background-size":"auto","background-attachment":"scroll","background-type":"","background-media":"","overlay-type":"","overlay-color":"","overlay-opacity":"","overlay-gradient":""}},"ast-content-background-meta":{"desktop":{"background-color":"var(--ast-global-color-4)","background-image":"","background-repeat":"repeat","background-position":"center center","background-size":"auto","background-attachment":"scroll","background-type":"","background-media":"","overlay-type":"","overlay-color":"","overlay-opacity":"","overlay-gradient":""},"tablet":{"background-color":"var(--ast-global-color-4)","background-image":"","background-repeat":"repeat","background-position":"center center","background-size":"auto","background-attachment":"scroll","background-type":"","background-media":"","overlay-type":"","overlay-color":"","overlay-opacity":"","overlay-gradient":""},"mobile":{"background-color":"var(--ast-global-color-4)","background-image":"","background-repeat":"repeat","background-position":"center center","background-size":"auto","background-attachment":"scroll","background-type":"","background-media":"","overlay-type":"","overlay-color":"","overlay-opacity":"","overlay-gradient":""}},"footnotes":""},"categories":[21],"tags":[],"class_list":["post-266","post","type-post","status-publish","format-standard","hentry","category-concilio-vaticano-ii"],"_links":{"self":[{"href":"https:\/\/icc.diocesedeangra.pt\/index.php\/wp-json\/wp\/v2\/posts\/266","targetHints":{"allow":["GET"]}}],"collection":[{"href":"https:\/\/icc.diocesedeangra.pt\/index.php\/wp-json\/wp\/v2\/posts"}],"about":[{"href":"https:\/\/icc.diocesedeangra.pt\/index.php\/wp-json\/wp\/v2\/types\/post"}],"author":[{"embeddable":true,"href":"https:\/\/icc.diocesedeangra.pt\/index.php\/wp-json\/wp\/v2\/users\/1"}],"replies":[{"embeddable":true,"href":"https:\/\/icc.diocesedeangra.pt\/index.php\/wp-json\/wp\/v2\/comments?post=266"}],"version-history":[{"count":1,"href":"https:\/\/icc.diocesedeangra.pt\/index.php\/wp-json\/wp\/v2\/posts\/266\/revisions"}],"predecessor-version":[{"id":267,"href":"https:\/\/icc.diocesedeangra.pt\/index.php\/wp-json\/wp\/v2\/posts\/266\/revisions\/267"}],"wp:attachment":[{"href":"https:\/\/icc.diocesedeangra.pt\/index.php\/wp-json\/wp\/v2\/media?parent=266"}],"wp:term":[{"taxonomy":"category","embeddable":true,"href":"https:\/\/icc.diocesedeangra.pt\/index.php\/wp-json\/wp\/v2\/categories?post=266"},{"taxonomy":"post_tag","embeddable":true,"href":"https:\/\/icc.diocesedeangra.pt\/index.php\/wp-json\/wp\/v2\/tags?post=266"}],"curies":[{"name":"wp","href":"https:\/\/api.w.org\/{rel}","templated":true}]}}