{"id":437,"date":"2018-07-24T19:01:00","date_gmt":"2018-07-24T19:01:00","guid":{"rendered":"http:\/\/icc.diocesedeangra.pt\/?p=437"},"modified":"2018-09-23T19:02:32","modified_gmt":"2018-09-23T19:02:32","slug":"bodas-de-prata","status":"publish","type":"post","link":"https:\/\/icc.diocesedeangra.pt\/index.php\/2018\/07\/24\/bodas-de-prata\/","title":{"rendered":"Bodas de Prata"},"content":{"rendered":"<p>Instituto Cat\u00f3lico de Cultura celebra 25 anos<\/p>\n<p><!--more--><\/p>\n<p>O Instituto Cat\u00f3lico de Cultura, da Diocese de Angra, celebra hoje 25 anos de exist\u00eancia ao servi\u00e7o da comunidade a\u00e7oriana.<\/p>\n<p>Foi a 24 de Julho de 1993 que o ent\u00e3o Bispo da nossa Diocese, D. Aur\u00e9lio Granada Escudeiro, criou o designado Instituto de Cultura Cat\u00f3lica para a Forma\u00e7\u00e3o Crist\u00e3 e Di\u00e1logo F\u00e9 Cultura.<\/p>\n<p>Circunst\u00e2ncias diversas n\u00e3o permitiram que o Instituto tivesse desenvolvido em plenitude a miss\u00e3o que ent\u00e3o lhe foi confiada, situa\u00e7\u00e3o que se pretende agora alterar.<\/p>\n<p>Com efeito, o Instituto Cat\u00f3lico de Cultura perspectiva esta data simb\u00f3lica, em que assinala as suas Bodas de Prata, como uma responsabilidade acrescida que quis traduzir na reactiva\u00e7\u00e3o da sua miss\u00e3o de servi\u00e7o na promo\u00e7\u00e3o da cultura cat\u00f3lica nos A\u00e7ores e com os objectivos propostos pelos seus recentes estatutos: fomentar a forma\u00e7\u00e3o crist\u00e3 do laicado, contribuir para a forma\u00e7\u00e3o duma consci\u00eancia crist\u00e3 \u00e0 luz da doutrina social da Igreja e fomentar o di\u00e1logo inter-religioso e ecum\u00eanico nos A\u00e7ores.<\/p>\n<p>Assim, actualmente, o Instituto Cat\u00f3lico de Cultura, tutelado pela Vigararia Episcopal para a Forma\u00e7\u00e3o do Povo de Deus, com o seu Vig\u00e1rio C\u00f3nego Dr. \u00c2ngelo Valad\u00e3o, tem como Diretor o C\u00f3nego Dr. Jos\u00e9 Const\u00e2ncia e iniciou, no corrente ano pastoral, o processo de instaura\u00e7\u00e3o de um novo ciclo. Estas bases foram j\u00e1 lan\u00e7adas com a revis\u00e3o e aprova\u00e7\u00e3o dos seus estatutos e a constitui\u00e7\u00e3o dos seus corpos directivos: Dire\u00e7\u00e3o, Conselho Cient\u00edfico Pedag\u00f3gico, Conselho Geral e Conselho Fiscal.<\/p>\n<p>Fazem ainda parte deste Instituto as diversas Inst\u00e2ncias de Forma\u00e7\u00e3o \u2013 Centro de Forma\u00e7\u00e3o de Docentes de E.M.R.C., Escola de Forma\u00e7\u00e3o das Vigararias Episcopais Territoriais e as Escolas de Forma\u00e7\u00e3o Crist\u00e3 das Ouvidorias \u2013 cujo trabalho em rede se pretende intensificar. Simultaneamente, o Instituto prepara-se para, em Setembro, apresentar ao Conselho Geral o programa para o ano de 2018\/2019. Este ir\u00e1 na linha da sua miss\u00e3o de apoiar uma forma\u00e7\u00e3o de base, ao alcance de todos na Diocese, atrav\u00e9s das Escolas de Ouvidoria, destacando-se a realiza\u00e7\u00e3o do primeiro curso \u00e0 dist\u00e2ncia (e learning) e de iniciativas de forma\u00e7\u00e3o de n\u00edvel superior sobre o di\u00e1logo F\u00e9 Cultura.<\/p>\n<p>O Instituto tamb\u00e9m j\u00e1 disp\u00f5e de um site em que ir\u00e1 actualizando a informa\u00e7\u00e3o acerca da sua ac\u00e7\u00e3o nos A\u00e7ores:\u00a0 icc.diocesedeangra.pt<\/p>\n<p>&nbsp;<\/p>\n<p>&nbsp;<\/p>\n<p>Ponta Delgada, 24 de Julho de 2018<\/p>\n<p>&nbsp;<\/p>\n<p>&nbsp;<\/p>\n<p>C\u00f3nego Dr. Jos\u00e9 Const\u00e2ncia<\/p>\n<p>(Director do Instituto Cat\u00f3lico de Cultura)<\/p>\n","protected":false},"excerpt":{"rendered":"<p>Instituto Cat\u00f3lico de Cultura celebra 25 anos<\/p>\n","protected":false},"author":1,"featured_media":0,"comment_status":"closed","ping_status":"closed","sticky":false,"template":"","format":"standard","meta":{"site-sidebar-layout":"default","site-content-layout":"","ast-site-content-layout":"default","site-content-style":"default","site-sidebar-style":"default","ast-global-header-display":"","ast-banner-title-visibility":"","ast-main-header-display":"","ast-hfb-above-header-display":"","ast-hfb-below-header-display":"","ast-hfb-mobile-header-display":"","site-post-title":"","ast-breadcrumbs-content":"","ast-featured-img":"","footer-sml-layout":"","ast-disable-related-posts":"","theme-transparent-header-meta":"","adv-header-id-meta":"","stick-header-meta":"","header-above-stick-meta":"","header-main-stick-meta":"","header-below-stick-meta":"","astra-migrate-meta-layouts":"default","ast-page-background-enabled":"default","ast-page-background-meta":{"desktop":{"background-color":"var(--ast-global-color-5)","background-image":"","background-repeat":"repeat","background-position":"center center","background-size":"auto","background-attachment":"scroll","background-type":"","background-media":"","overlay-type":"","overlay-color":"","overlay-opacity":"","overlay-gradient":""},"tablet":{"background-color":"","background-image":"","background-repeat":"repeat","background-position":"center center","background-size":"auto","background-attachment":"scroll","background-type":"","background-media":"","overlay-type":"","overlay-color":"","overlay-opacity":"","overlay-gradient":""},"mobile":{"background-color":"","background-image":"","background-repeat":"repeat","background-position":"center center","background-size":"auto","background-attachment":"scroll","background-type":"","background-media":"","overlay-type":"","overlay-color":"","overlay-opacity":"","overlay-gradient":""}},"ast-content-background-meta":{"desktop":{"background-color":"var(--ast-global-color-4)","background-image":"","background-repeat":"repeat","background-position":"center center","background-size":"auto","background-attachment":"scroll","background-type":"","background-media":"","overlay-type":"","overlay-color":"","overlay-opacity":"","overlay-gradient":""},"tablet":{"background-color":"var(--ast-global-color-4)","background-image":"","background-repeat":"repeat","background-position":"center center","background-size":"auto","background-attachment":"scroll","background-type":"","background-media":"","overlay-type":"","overlay-color":"","overlay-opacity":"","overlay-gradient":""},"mobile":{"background-color":"var(--ast-global-color-4)","background-image":"","background-repeat":"repeat","background-position":"center center","background-size":"auto","background-attachment":"scroll","background-type":"","background-media":"","overlay-type":"","overlay-color":"","overlay-opacity":"","overlay-gradient":""}},"footnotes":""},"categories":[4],"tags":[],"class_list":["post-437","post","type-post","status-publish","format-standard","hentry","category-documentos"],"_links":{"self":[{"href":"https:\/\/icc.diocesedeangra.pt\/index.php\/wp-json\/wp\/v2\/posts\/437","targetHints":{"allow":["GET"]}}],"collection":[{"href":"https:\/\/icc.diocesedeangra.pt\/index.php\/wp-json\/wp\/v2\/posts"}],"about":[{"href":"https:\/\/icc.diocesedeangra.pt\/index.php\/wp-json\/wp\/v2\/types\/post"}],"author":[{"embeddable":true,"href":"https:\/\/icc.diocesedeangra.pt\/index.php\/wp-json\/wp\/v2\/users\/1"}],"replies":[{"embeddable":true,"href":"https:\/\/icc.diocesedeangra.pt\/index.php\/wp-json\/wp\/v2\/comments?post=437"}],"version-history":[{"count":1,"href":"https:\/\/icc.diocesedeangra.pt\/index.php\/wp-json\/wp\/v2\/posts\/437\/revisions"}],"predecessor-version":[{"id":438,"href":"https:\/\/icc.diocesedeangra.pt\/index.php\/wp-json\/wp\/v2\/posts\/437\/revisions\/438"}],"wp:attachment":[{"href":"https:\/\/icc.diocesedeangra.pt\/index.php\/wp-json\/wp\/v2\/media?parent=437"}],"wp:term":[{"taxonomy":"category","embeddable":true,"href":"https:\/\/icc.diocesedeangra.pt\/index.php\/wp-json\/wp\/v2\/categories?post=437"},{"taxonomy":"post_tag","embeddable":true,"href":"https:\/\/icc.diocesedeangra.pt\/index.php\/wp-json\/wp\/v2\/tags?post=437"}],"curies":[{"name":"wp","href":"https:\/\/api.w.org\/{rel}","templated":true}]}}