{"id":439,"date":"2018-01-29T19:03:15","date_gmt":"2018-01-29T19:03:15","guid":{"rendered":"http:\/\/icc.diocesedeangra.pt\/?p=439"},"modified":"2018-09-23T19:05:26","modified_gmt":"2018-09-23T19:05:26","slug":"tomada-de-posse-dos-corpos-diretivos","status":"publish","type":"post","link":"https:\/\/icc.diocesedeangra.pt\/index.php\/2018\/01\/29\/tomada-de-posse-dos-corpos-diretivos\/","title":{"rendered":"Tomada de posse dos corpos diretivos"},"content":{"rendered":"<p>Discurso do Diretor do Instituo Cat\u00f3lico de Cultura.<\/p>\n<p><!--more--><\/p>\n<p>Senhor D. Jo\u00e3o<\/p>\n<p>Ex.cia Rev.ma<\/p>\n<p>Senhor Vig\u00e1rio Geral<\/p>\n<p>Senhores Vig\u00e1rios Episcopais<\/p>\n<p>Ilustres Membros da Miseric\u00f3rdia<\/p>\n<p>Senhor Director do Museu<\/p>\n<p>Ilustres Membros dos Movimentos e Obras de Apostolado<\/p>\n<p>&nbsp;<\/p>\n<p>Em Julho de 1993, o Senhor D. Aur\u00e9lio Granada Escudeiro, ent\u00e3o Bispo da nossa Diocese, fundou o chamado quase at\u00e9 agora Instituto de Cultura Cat\u00f3lica, o qual em dois polos e sob a Dire\u00e7\u00e3o dos Padres Doutor Cipriano Franco Pacheco e Oct\u00e1vio Medeiros marcou uma presen\u00e7a calma, mas eficaz nas iniciativas que teve no campo da forma\u00e7\u00e3o e da Cultura durante o minist\u00e9rio episcopal do Senhor D. Ant\u00f3nio de Sousa Braga.<\/p>\n<p>Ap\u00f3s a consci\u00eancia do que o Instituto revitalizado podia ir mais longe e depois do Conselho Presbiteral ter votado que o mesmo passaria a chamar-se Instituto Cat\u00f3lico de Cultura e j\u00e1 no episcopado do nosso atual Bispo D. Jo\u00e3o Lavrador, o mesmo est\u00e1 a adquirir um novo f\u00f4lego esperemos, o que se d\u00e1 pela aprova\u00e7\u00e3o dos estatutos que n\u00e3o existiam e pela nomea\u00e7\u00e3o dos corpos diretivos do mesmo Instituto que acabar de tomar posse e pelo que se desenha para o futuro.<\/p>\n<p>Se foi hist\u00f3rico o ano, o m\u00eas e o dia em que h\u00e1 25 anos come\u00e7ou o Instituto, n\u00e3o poder\u00edamos ter melhor maneira de celebrar os 25 anos do mesmo do que estarmos aqui reunidos para inaugurarmos, esperemos, um novo ciclo no caminho que ele ter\u00e1 na nossa Diocese.<\/p>\n<p>Sa\u00fado, pois, neste dia e nesta sess\u00e3o todos os que est\u00e3o aqui presentes a come\u00e7ar pelo nosso Bispo Senhor D. Jo\u00e3o que sabendo da import\u00e2ncia do Instituto na Igreja Diocesana, nomeou a atual Dire\u00e7\u00e3o e Conselho Fiscal e confirmou o Conselho Cientifico &#8211; Pedag\u00f3gico e os membros do Conselho Geral.<\/p>\n<p>Sa\u00fado os Senhores Vig\u00e1rio Geral e Episcopal e outros Vig\u00e1rios Territoriais os colegas Ouvidores, certo de que de n\u00f3s depende que ele na pr\u00e1tica seja mesmo diocesano, que atinja a Diocese toda de Santa Maria ao Corvo se seja mesmo um Instituto ao alcance de todo o povo de Deus ; por esta raz\u00e3o tamb\u00e9m est\u00e1 ligado e sob a tutela da Vigararia Episcopal para a Forma\u00e7\u00e3o do Povo de Deus.<\/p>\n<p>Sa\u00fado os principais respons\u00e1veis por outras Institui\u00e7\u00f5es com as quais dialogaremos e estabeleceremos parceria nas tarefas pela Cultura e seu di\u00e1logo com a f\u00e9. Universidade, Museu, Instituto de Cultura, Miseric\u00f3rdias.<\/p>\n<p>Sa\u00fado os Membros das Comunidades Religiosas, dos Movimentos e Obras de Apostolado que connosco far\u00e3o obra de coordena\u00e7\u00e3o e de concerta\u00e7\u00e3o para que a forma\u00e7\u00e3o na nossa Diocese seja forma\u00e7\u00e3o para a miss\u00e3o e ajude a Diocese a p\u00f4r-se em movimento pelo Reino nestas ilhas.<\/p>\n<p>Sa\u00fado tamb\u00e9m e sentidamente o Senhor Reitor do Semin\u00e1rio, bem como Diretor do Servi\u00e7o da Pastoral da Cultura, delegados dos Religiosos, com quem teremos trabalho comum a fazer .<\/p>\n<p>Sa\u00fado todos os que comigo far\u00e3o equipa para que o Instituto se afirme num grande servi\u00e7o \u00e0 forma\u00e7\u00e3o crist\u00e3 e \u00e0 f\u00e9 e cultura nos nossos A\u00e7ores.<\/p>\n<p>O Instituto cat\u00f3lico de Cultura \u00e9 constitu\u00eddo na Diocese de Angra, com uma miss\u00e3o especifica na \u00e1rea da cultura e da forma\u00e7\u00e3o visando uma presen\u00e7a crist\u00e3 transformadora do mundo, goza de personalidade jur\u00eddica can\u00f3nica e \u00e9 representado em ju\u00edzo e fora dele pelo seu Diretor, assim rezam os Estatutos .<\/p>\n<p>Sabemos que o Instituto Cat\u00f3lico de Cultura nasceu \u00e0 sombra do Semin\u00e1rio tendo mantido sempre com o mesmo uma boa liga\u00e7\u00e3o, o que continuar\u00e1 a acontecer por todos os motivos e necessidades pr\u00f3prias.<\/p>\n<p>Mesmo assim, seja-me permitido real\u00e7ar que ele tem miss\u00e3o espec\u00edfica na \u00e1rea da cultura e da forma\u00e7\u00e3o, visando uma presen\u00e7a crist\u00e3 transformadora no mundo.<\/p>\n<p>Numa \u00e9poca como a nossa de grandes transforma\u00e7\u00f5es culturais e cientificas, de antropologias que se constroem de qualquer maneira, de um grande indiferentismo religioso e de uma nostalgia infinita do infinito; situados num Portugal europeu que tem como regi\u00e3o perif\u00e9rica ou ultra perif\u00e9rica os nossos A\u00e7ores, desertificado em algumas ilhas, mergulhada numa fragilidade econ\u00f3mica e em bolsas de pobreza que continuam de m\u00e3os dadas com novas pobrezas: droga, \u00e1lcool e sexo. A Igreja\u00a0 posiciona-se no mundo das nossas ilhas na sequ\u00eancia de uma miss\u00e3o de quase meio s\u00e9culo, para que em caminho sinodal, redimensione a sua a\u00e7\u00e3o pastoral numa evangeliza\u00e7\u00e3o libertadora. O futuro da Igreja nas nossas Ilhas est\u00e1 na presen\u00e7a da Igreja no futuro do mundo.<\/p>\n<p>Situando-se o Instituto nesta presen\u00e7a da Igreja e de fronteira no mundo cultural dos A\u00e7ores, atento ao verdadeiro da vida ele deve estar atento ao mundo e problemas do dia a dia e ao mundo da intelig\u00eancia num tr\u00edplice olhar que deve ser tamb\u00e9m caminho metodol\u00f3gico do seu ensino e atividades. Olhar, ver analisar os mecanismos s\u00f3cio econ\u00f3mico-sociais pol\u00edticos, fazendo com que as refer\u00eancias b\u00edblico-teol\u00f3gicas se aproximem da realidade iluminando a vida e aproximando os dados revelados da vida para que depois haja uma pastoral aplicada de paradigma atual com estrat\u00e9gia evang\u00e9lica.<\/p>\n<p>O I.C.C. devera ser pouco ou bastante este radar cat\u00f3lico de cultura que p\u00f5e a Igreja no mundo, mas com um mundo insisto; pois o pior que pode acontecer \u00e9 uma Igreja sem mundo, quando o cora\u00e7\u00e3o da Igreja dever\u00e1 estar no mundo.<\/p>\n<p>Com os seus \u00f3rg\u00e3os diretivos pr\u00f3prios ele est\u00e1 como Instituto ligado a esta grande pot\u00eancia de servi\u00e7o que \u00e9 ou dever\u00e1 ser a Vigararia da Forma\u00e7\u00e3o do povo de Deus numa proposta de a\u00e7\u00e3o formativa descentralizada que chegue a todas as ilhas pelas Ouvidorias e Vigararias territoriais.<\/p>\n","protected":false},"excerpt":{"rendered":"<p>Discurso do Diretor do Instituo Cat\u00f3lico de Cultura.<\/p>\n","protected":false},"author":1,"featured_media":0,"comment_status":"closed","ping_status":"closed","sticky":false,"template":"","format":"standard","meta":{"site-sidebar-layout":"default","site-content-layout":"","ast-site-content-layout":"default","site-content-style":"default","site-sidebar-style":"default","ast-global-header-display":"","ast-banner-title-visibility":"","ast-main-header-display":"","ast-hfb-above-header-display":"","ast-hfb-below-header-display":"","ast-hfb-mobile-header-display":"","site-post-title":"","ast-breadcrumbs-content":"","ast-featured-img":"","footer-sml-layout":"","ast-disable-related-posts":"","theme-transparent-header-meta":"","adv-header-id-meta":"","stick-header-meta":"","header-above-stick-meta":"","header-main-stick-meta":"","header-below-stick-meta":"","astra-migrate-meta-layouts":"default","ast-page-background-enabled":"default","ast-page-background-meta":{"desktop":{"background-color":"var(--ast-global-color-5)","background-image":"","background-repeat":"repeat","background-position":"center center","background-size":"auto","background-attachment":"scroll","background-type":"","background-media":"","overlay-type":"","overlay-color":"","overlay-opacity":"","overlay-gradient":""},"tablet":{"background-color":"","background-image":"","background-repeat":"repeat","background-position":"center center","background-size":"auto","background-attachment":"scroll","background-type":"","background-media":"","overlay-type":"","overlay-color":"","overlay-opacity":"","overlay-gradient":""},"mobile":{"background-color":"","background-image":"","background-repeat":"repeat","background-position":"center center","background-size":"auto","background-attachment":"scroll","background-type":"","background-media":"","overlay-type":"","overlay-color":"","overlay-opacity":"","overlay-gradient":""}},"ast-content-background-meta":{"desktop":{"background-color":"var(--ast-global-color-4)","background-image":"","background-repeat":"repeat","background-position":"center center","background-size":"auto","background-attachment":"scroll","background-type":"","background-media":"","overlay-type":"","overlay-color":"","overlay-opacity":"","overlay-gradient":""},"tablet":{"background-color":"var(--ast-global-color-4)","background-image":"","background-repeat":"repeat","background-position":"center center","background-size":"auto","background-attachment":"scroll","background-type":"","background-media":"","overlay-type":"","overlay-color":"","overlay-opacity":"","overlay-gradient":""},"mobile":{"background-color":"var(--ast-global-color-4)","background-image":"","background-repeat":"repeat","background-position":"center center","background-size":"auto","background-attachment":"scroll","background-type":"","background-media":"","overlay-type":"","overlay-color":"","overlay-opacity":"","overlay-gradient":""}},"footnotes":""},"categories":[4],"tags":[],"class_list":["post-439","post","type-post","status-publish","format-standard","hentry","category-documentos"],"_links":{"self":[{"href":"https:\/\/icc.diocesedeangra.pt\/index.php\/wp-json\/wp\/v2\/posts\/439","targetHints":{"allow":["GET"]}}],"collection":[{"href":"https:\/\/icc.diocesedeangra.pt\/index.php\/wp-json\/wp\/v2\/posts"}],"about":[{"href":"https:\/\/icc.diocesedeangra.pt\/index.php\/wp-json\/wp\/v2\/types\/post"}],"author":[{"embeddable":true,"href":"https:\/\/icc.diocesedeangra.pt\/index.php\/wp-json\/wp\/v2\/users\/1"}],"replies":[{"embeddable":true,"href":"https:\/\/icc.diocesedeangra.pt\/index.php\/wp-json\/wp\/v2\/comments?post=439"}],"version-history":[{"count":1,"href":"https:\/\/icc.diocesedeangra.pt\/index.php\/wp-json\/wp\/v2\/posts\/439\/revisions"}],"predecessor-version":[{"id":440,"href":"https:\/\/icc.diocesedeangra.pt\/index.php\/wp-json\/wp\/v2\/posts\/439\/revisions\/440"}],"wp:attachment":[{"href":"https:\/\/icc.diocesedeangra.pt\/index.php\/wp-json\/wp\/v2\/media?parent=439"}],"wp:term":[{"taxonomy":"category","embeddable":true,"href":"https:\/\/icc.diocesedeangra.pt\/index.php\/wp-json\/wp\/v2\/categories?post=439"},{"taxonomy":"post_tag","embeddable":true,"href":"https:\/\/icc.diocesedeangra.pt\/index.php\/wp-json\/wp\/v2\/tags?post=439"}],"curies":[{"name":"wp","href":"https:\/\/api.w.org\/{rel}","templated":true}]}}